{"id":2108,"date":"2023-08-10T06:32:22","date_gmt":"2023-08-10T06:32:22","guid":{"rendered":"https:\/\/1918local.eu\/?p=2108"},"modified":"2023-11-10T16:53:10","modified_gmt":"2023-11-10T16:53:10","slug":"kozep-es-kelet-europa-uj-tortenetei-new-histories-for-central-and-eastern-europe","status":"publish","type":"post","link":"https:\/\/1918local.eu\/hu\/kozep-es-kelet-europa-uj-tortenetei-new-histories-for-central-and-eastern-europe\/","title":{"rendered":"K\u00f6z\u00e9p \u00e9s Kelet-Eur\u00f3pa \u00faj t\u00f6rt\u00e9netei? \/ New Histories for Central and Eastern Europe?"},"content":{"rendered":"<p>&nbsp;<\/p>\n<p style=\"text-align: center;\"><strong>A NEPOSTRANS ERC PROJEKT KONFERENCI\u00c1JA NIEDERHAUSER EMIL \u00c9S DE\u00c1K ISTV\u00c1N EML\u00c9K\u00c9RE<\/strong><\/p>\n<p style=\"text-align: center;\"><span style=\"color: #800080;\"><strong>CONFERENCE OF THE ERC NEPOSTRANS PROJECT, DEDICATED TO THE MEMORY OF EMIL NIEDERHAUSER AND ISTV\u00c1N DE\u00c1K<\/strong><\/span><\/p>\n<p style=\"text-align: center;\">\u00a0<\/p>\n<p style=\"text-align: center;\"><strong>September 7\u20138, 2023<\/strong><\/p>\n<p>&nbsp;<\/p>\n<p style=\"text-align: center;\"><strong>Helysz\u00edn \/ Venue:<\/strong> 1114 Budapest, Vill\u00e1nyi \u00fat 11\u201313.<br \/>\n(200-as terem \/ Room 200)<\/p>\n<p style=\"text-align: center;\">\u00a0<\/p>\n<p>Az elm\u00falt \u00e9vtizedek sz\u00e1mos fontos v\u00e1ltoz\u00e1st hoztak a t\u00f6rt\u00e9net\u00edr\u00e1sban, nem csak \u00faj megk\u00f6zel\u00edt\u00e9sek nyertek teret, hanem a hagyom\u00e1nyosnak tekintett ter\u00fcleteken is \u00faj, ak\u00e1r a kor\u00e1bbi konszenzust is megk\u00e9rd\u0151jelez\u0151 eredm\u00e9nyek sz\u00fclettek. Mindez egy\u00fctt j\u00e1r a t\u00f6rt\u00e9net\u00edr\u00e1s nemzeti keret\u00e9nek megk\u00e9rd\u0151jelez\u00e9s\u00e9vel, lass\u00fa er\u00f3zi\u00f3j\u00e1val is, ami k\u00fcl\u00f6n kih\u00edv\u00e1s a K\u00f6z\u00e9p- \u00e9s Kelet-Eur\u00f3pa t\u00f6rt\u00e9net\u00e9vel foglalkoz\u00f3 kutat\u00f3knak. Ezen a konferenci\u00e1n, amit a 100 \u00e9ve Pozsonyban sz\u00fcletett, \u00e9s a r\u00e9gi\u00f3 t\u00f6rt\u00e9net\u00e9nek magyarorsz\u00e1gi kutat\u00e1s\u00e1t m\u00e1ig meghat\u00e1roz\u00f3 Niederhauser Emil \u00e9s az id\u00e9n elhunyt De\u00e1k Istv\u00e1n eml\u00e9k\u00e9nek aj\u00e1nlunk, arra vagyunk k\u00edv\u00e1ncsiak, hogy mindezek a fejlem\u00e9nyek milyen m\u00f3don befoly\u00e1solj\u00e1k a r\u00e9gi\u00f3 t\u00f6rt\u00e9net\u00e9nek elbesz\u00e9l\u00e9seit, a nemzeti narrat\u00edv\u00e1k sokat emlegetett b\u00e1r t\u00e1volr\u00f3l sem befejezett legitim\u00e1ci\u00f3veszt\u00e9se milyen alternat\u00edv\u00e1kat k\u00edn\u00e1l \u00faj t\u00edpus\u00fa t\u00f6rt\u00e9neti elbesz\u00e9l\u00e9sek, illetve nem nemzeti f\u00f3kusz\u00fa megk\u00f6zel\u00edt\u00e9sek sz\u00e1m\u00e1ra. Hogyan alkalmazhat\u00f3ak az \u00e9ppen aktu\u00e1lis nagy trendek \u00e9s mik\u00e9nt m\u00f3dos\u00edtj\u00e1k ezek a nemzeti elbesz\u00e9l\u00e9seket, vagy \u00e9ppen az eg\u00e9sz r\u00e9gi\u00f3r\u00f3l alkotott k\u00e9p\u00fcnket? V\u00e9g\u00fcl pedig mik\u00e9nt m\u00f3dosultak a nemzeti t\u00f6rt\u00e9neti elbesz\u00e9l\u00e9sek, els\u0151sorban a r\u00e9gi\u00f3 eg\u00e9sz\u00e9hez val\u00f3 viszonyukban az elm\u00falt \u00e9vtizedekben?<\/p>\n<p>A konferencia form\u00e1tuma nem szokv\u00e1nyos, a felk\u00e9rt r\u00e9sztvev\u0151k egy moder\u00e1tor vezet\u00e9s\u00e9vel kerekasztal-besz\u00e9lget\u00e9s form\u00e1j\u00e1ban tekintik \u00e1t saj\u00e1t r\u00e9szter\u00fclet\u00fck fejlem\u00e9nyeit \u00e9s annak lehets\u00e9ges hat\u00e1s\u00e1t a region\u00e1lis t\u00f6rt\u00e9nelmi elbesz\u00e9l\u00e9sekre. Ennek megfelel\u0151en a konferencia s\u00falypontja a besz\u00e9lget\u00e9s, a k\u00f6z\u00f6ns\u00e9g min\u00e9l akt\u00edvabb r\u00e9szv\u00e9tel\u00e9vel. Megh\u00edvottjaink a hazai \u00e9s k\u00fclf\u00f6ldi t\u00f6rt\u00e9net\u00edr\u00e1s k\u00fcl\u00f6nb\u00f6z\u0151 gener\u00e1ci\u00f3it k\u00e9pviselik, a kommunik\u00e1ci\u00f3 megk\u00f6nny\u00edt\u00e9s\u00e9re szinkrontolm\u00e1csol\u00e1st biztos\u00edtunk.<\/p>\n<p>&nbsp;<\/p>\n<p><span style=\"color: #800080;\">The last decades brought important changes in history and historiography. Not only new approaches made headways, but sometimes old consensus of traditional fields was also questioned too. This process went hand in and with the questioning slow erosion of the self-evident national frame of historiography, a special challenge for historians of Central and Eastern Europe. At our conference, dedicated to Emil Niederhauser, born 100 years ago in Bratislava, whose work still defines Hungarian scholarship on the region and Istv\u00e1n De\u00e1k we inquire about how these developments influence narratives of the broader region, what kind of new narratives could emerge from the delegitimating of national narratives? How can we apply new trends born from the historiography of other regions, how these shift national histories or our vision of the whole region? Finally, how national narratives changed, especially regarding the resituating of the region and their national histories within?<\/span><\/p>\n<p><span style=\"color: #800080;\">We opted for a non-conventional format of six roundtables, each dedicated to a special sub-discipline and one keynote. The invited speakers and a moderator look at the developments on their own specific fields and their potential influence on the broader regional story. Discussion is at the focus of the conference, involving the audience as much as possible too. The speakers represent different generations of Hungarian and international scholarship, communication is made easier with simultaneous translation.<\/span><\/p>\n<p>&nbsp;<\/p>\n<h2><img decoding=\"async\" loading=\"lazy\" class=\"alignnone size-large wp-image-2133\" src=\"https:\/\/1918local.eu\/wp-content\/uploads\/2023\/08\/ERC_fb_event_cover_0907-08_light-1024x536.jpg\" alt=\"\" width=\"1024\" height=\"536\" srcset=\"https:\/\/1918local.eu\/wp-content\/uploads\/2023\/08\/ERC_fb_event_cover_0907-08_light-1024x536.jpg 1024w, https:\/\/1918local.eu\/wp-content\/uploads\/2023\/08\/ERC_fb_event_cover_0907-08_light-300x157.jpg 300w, https:\/\/1918local.eu\/wp-content\/uploads\/2023\/08\/ERC_fb_event_cover_0907-08_light-768x402.jpg 768w, https:\/\/1918local.eu\/wp-content\/uploads\/2023\/08\/ERC_fb_event_cover_0907-08_light-1536x805.jpg 1536w, https:\/\/1918local.eu\/wp-content\/uploads\/2023\/08\/ERC_fb_event_cover_0907-08_light.jpg 1890w\" sizes=\"(max-width: 1024px) 100vw, 1024px\" \/><\/h2>\n<p>&nbsp;<\/p>\n<h2><strong>PROGRAM \/ <span style=\"color: #800080;\">CONFERENCE SCHEDULE<\/span><\/strong><\/h2>\n<p>&nbsp;<\/p>\n<h3><strong>SEPTEMBER 7, THURSDAY<\/strong><\/h3>\n<p>&nbsp;<\/p>\n<h2><strong>PANEL 1<\/strong><\/h2>\n<p><strong>GAZDAS\u00c1GT\u00d6RT\u00c9NET \/ <span style=\"color: #800080;\">ECONOMIC HISTORY<\/span><\/strong><\/p>\n<p>Chair: <strong>EGRY G\u00e1bor<\/strong> (Institute of Political History, Budapest)<\/p>\n<p>Panelists:<\/p>\n<ul>\n<li><strong>Matthias MORYS<\/strong> (University of York)<\/li>\n<li><strong>HIDV\u00c9GI M\u00e1ria<\/strong> (SpoilsofWar ERC, Milan)<\/li>\n<\/ul>\n<p>&nbsp;<\/p>\n<p>&nbsp;<\/p>\n<h2><strong>PANEL 2<\/strong><\/h2>\n<p><strong>N\u0150T\u00d6RT\u00c9NET \/ <span style=\"color: #800080;\">GENDER HISTORY<\/span><\/strong><\/p>\n<p>Chair: <strong>K\u00e1roly IGN\u00c1CZ<\/strong> (Institute of Political History, Budapest)<\/p>\n<p>Panelists:<\/p>\n<ul>\n<li><strong>LOR\u00c1ND Zs\u00f3fia<\/strong> (University of Vienna)<\/li>\n<li><strong>Susan ZIMMERMANN<\/strong> (CEU Vienna)<\/li>\n<li><strong>CZEFERNER-FEDELES D\u00f3ra<\/strong> (BTK TTI, Budapest)<\/li>\n<\/ul>\n<p>&nbsp;<\/p>\n<p>&nbsp;<\/p>\n<p>&nbsp;<\/p>\n<h2><strong>PANEL 3<\/strong><\/h2>\n<p><strong>GLOB\u00c1LIS T\u00d6RT\u00c9NELEM \/ <span style=\"color: #800080;\">GLOBAL HISTORY<\/span><\/strong><\/p>\n<p>Chair: <strong>Gergely ROMSICS<\/strong> (ELTE BTK \/ Research Center for Humanities, Budapest)<\/p>\n<p>Panelists:<\/p>\n<ul>\n<li><strong>VARGHA D\u00f3ra<\/strong> (Humboldt University Berlin \/ University of Exeter)<\/li>\n<li><strong>VARGA B\u00e1lint<\/strong> (University of Graz)<\/li>\n<li><strong>TOMKA B\u00e9la<\/strong> (University of Szeged)<\/li>\n<\/ul>\n<p>&nbsp;<\/p>\n<p>&nbsp;<\/p>\n<h2><strong>PANEL 4<\/strong><\/h2>\n<p><strong>POSZT- \u00c9S TRANSZNACION\u00c1LIS T\u00d6RT\u00c9NELEM \/ <span style=\"color: #800080;\">POST- AND TRANSNATIONAL HISTORY<\/span><\/strong><\/p>\n<p>Chair: <strong>CSUNDERLIK P\u00e9ter<\/strong> (ELTE BTK \/ Institute of Political History, Budapest)<\/p>\n<p>Panelists:<\/p>\n<ul>\n<li><strong>BA\u00c1R Monika<\/strong> (EUI Florence \/ Free University, Amsterdam)<\/li>\n<li><strong>TARAF\u00c1S Imre<\/strong> (ELTE BTK, Budapest)<\/li>\n<li><strong>Raul CARSTOCEA<\/strong> (Maynooth University)<\/li>\n<\/ul>\n<p>&nbsp;<\/p>\n<p>&nbsp;<\/p>\n<h2><strong>SEPTEMBER 8, FRIDAY<\/strong><\/h2>\n<p>&nbsp;<\/p>\n<h2><strong>PANEL 5<\/strong><\/h2>\n<p><strong><span style=\"color: #000000;\">BIRODALMI T\u00d6RT\u00c9NELEM, POSZTKOLONI\u00c1LIS T\u00d6RT\u00c9NELEM \/ <span style=\"color: #800080;\">NEW IMPERIAL HISTORY, POSTCOLONIAL HISTORY<\/span><\/span><\/strong><\/p>\n<p>Chair: <strong>G\u00e1bor GY\u00c1NI<\/strong> (Research Centre for the Humanities, Hungarian Academy of Sciences, Budapest)<\/p>\n<p>Panelists:<\/p>\n<ul>\n<li><strong>Jan SURMAN<\/strong> (Masaryk Institute, Prague)<\/li>\n<li><strong>CSAPL\u00c1R-DEGOVICS Kriszti\u00e1n<\/strong> (BTK TTI, Budapest)<\/li>\n<li><strong>EGRY G\u00e1bor<\/strong> (Institute of Political History, Budapest)<\/li>\n<\/ul>\n<p>&nbsp;<\/p>\n<p>&nbsp;<\/p>\n<h2><strong>PANEL 6<\/strong><\/h2>\n<p><strong>EUR\u00d3PAI T\u00d6RT\u00c9NELEM: KELET \u00c9S NYUGAT \/ <span style=\"color: #800080;\">EUROPEAN HISTORY: WEST AND EAST<\/span><\/strong><\/p>\n<p>Chair: <strong>Lucija BALIKIC<\/strong> (CEU \/ Corvinus University, Budapest)<\/p>\n<p>Panelists:<\/p>\n<ul>\n<li><strong>RIG\u00d3 M\u00e1t\u00e9<\/strong> (LMU Munich)<\/li>\n<li><strong>Hannes GRANDITS<\/strong> (Humboldt University Berlin)<\/li>\n<li><strong>Paul GRADVOHL<\/strong> (Paris 1 Panth\u00e9on-Sorbonne)<\/li>\n<li><strong>MESTY\u00c1N \u00c1d\u00e1m<\/strong> (Duke University, USA)<\/li>\n<\/ul>\n<p>&nbsp;<\/p>\n<p>&nbsp;<\/p>\n<h2><strong>KEYNOTE<\/strong><\/h2>\n<p><span style=\"color: #800080;\"><strong>HISTORY HACKING AND DOWN TIME: SOME THOUGHTS ON WHERE SOMEONE HAS BEEN AND WHERE SOMEONE ELSE IS HEADED<\/strong><\/span><\/p>\n<p>Keynote spaker: <strong>Holly CASE<\/strong>\u00a0(Brown University, USA)<\/p>\n<p>&nbsp;<\/p>\n<p>&nbsp;<\/p>\n","protected":false},"excerpt":{"rendered":"<p>&nbsp; A NEPOSTRANS ERC PROJEKT KONFERENCI\u00c1JA NIEDERHAUSER EMIL \u00c9S DE\u00c1K ISTV\u00c1N EML\u00c9K\u00c9RE CONFERENCE OF THE ERC NEPOSTRANS PROJECT, DEDICATED TO THE MEMORY OF EMIL NIEDERHAUSER AND ISTV\u00c1N DE\u00c1K \u00a0 September 7\u20138, 2023 &nbsp; Helysz\u00edn \/ Venue: 1114 Budapest, Vill\u00e1nyi \u00fat 11\u201313. (200-as terem \/ Room 200) \u00a0 Az elm\u00falt \u00e9vtizedek sz\u00e1mos fontos v\u00e1ltoz\u00e1st hoztak a [&hellip;]<\/p>\n","protected":false},"author":2,"featured_media":2133,"comment_status":"closed","ping_status":"closed","sticky":false,"template":"","format":"standard","meta":{"_genesis_hide_title":false,"_genesis_hide_breadcrumbs":false,"_genesis_hide_singular_image":false,"_genesis_hide_footer_widgets":false,"_genesis_custom_body_class":"","_genesis_custom_post_class":"","_genesis_layout":""},"categories":[1],"tags":[],"_links":{"self":[{"href":"https:\/\/1918local.eu\/hu\/wp-json\/wp\/v2\/posts\/2108"}],"collection":[{"href":"https:\/\/1918local.eu\/hu\/wp-json\/wp\/v2\/posts"}],"about":[{"href":"https:\/\/1918local.eu\/hu\/wp-json\/wp\/v2\/types\/post"}],"author":[{"embeddable":true,"href":"https:\/\/1918local.eu\/hu\/wp-json\/wp\/v2\/users\/2"}],"replies":[{"embeddable":true,"href":"https:\/\/1918local.eu\/hu\/wp-json\/wp\/v2\/comments?post=2108"}],"version-history":[{"count":27,"href":"https:\/\/1918local.eu\/hu\/wp-json\/wp\/v2\/posts\/2108\/revisions"}],"predecessor-version":[{"id":2184,"href":"https:\/\/1918local.eu\/hu\/wp-json\/wp\/v2\/posts\/2108\/revisions\/2184"}],"wp:featuredmedia":[{"embeddable":true,"href":"https:\/\/1918local.eu\/hu\/wp-json\/wp\/v2\/media\/2133"}],"wp:attachment":[{"href":"https:\/\/1918local.eu\/hu\/wp-json\/wp\/v2\/media?parent=2108"}],"wp:term":[{"taxonomy":"category","embeddable":true,"href":"https:\/\/1918local.eu\/hu\/wp-json\/wp\/v2\/categories?post=2108"},{"taxonomy":"post_tag","embeddable":true,"href":"https:\/\/1918local.eu\/hu\/wp-json\/wp\/v2\/tags?post=2108"}],"curies":[{"name":"wp","href":"https:\/\/api.w.org\/{rel}","templated":true}]}}