{"id":2186,"date":"2024-02-20T15:18:43","date_gmt":"2024-02-20T15:18:43","guid":{"rendered":"https:\/\/1918local.eu\/?p=2186"},"modified":"2024-02-20T15:24:25","modified_gmt":"2024-02-20T15:24:25","slug":"momentous-times-and-ordinary-people","status":"publish","type":"post","link":"https:\/\/1918local.eu\/hu\/momentous-times-and-ordinary-people\/","title":{"rendered":"Momentous Times and Ordinary People"},"content":{"rendered":"\n\n\n<h2 style=\"text-align: center;\">Life on the Ruins of Austria-Hungary<br \/><a href=\"https:\/\/napvilagkiado.eu\/termek\/momentous-times-and-ordinary-people\/\" target=\"_blank\" rel=\"noopener\">Open Access<\/a><\/h2>\n<p>\u00a0<\/p>\n<p><img decoding=\"async\" loading=\"lazy\" class=\" wp-image-2188 alignleft\" src=\"https:\/\/1918local.eu\/wp-content\/uploads\/2024\/02\/PostMonarchy_ENG_cover-674x1024.png\" alt=\"\" width=\"343\" height=\"521\" srcset=\"https:\/\/1918local.eu\/wp-content\/uploads\/2024\/02\/PostMonarchy_ENG_cover-674x1024.png 674w, https:\/\/1918local.eu\/wp-content\/uploads\/2024\/02\/PostMonarchy_ENG_cover-197x300.png 197w, https:\/\/1918local.eu\/wp-content\/uploads\/2024\/02\/PostMonarchy_ENG_cover-768x1167.png 768w, https:\/\/1918local.eu\/wp-content\/uploads\/2024\/02\/PostMonarchy_ENG_cover.png 797w\" sizes=\"(max-width: 343px) 100vw, 343px\" \/><a href=\"https:\/\/napvilagkiado.eu\/termek\/momentous-times-and-ordinary-people\/\" target=\"_blank\" rel=\"noopener\">This volume<\/a> on the transition from the Habsburg Empire to its successor states offers a new picture of these events from a local perspective, one that highlights a generally less-known historical path foregrounding non-political processes and the possibilities in history rather than determined outcomes. We therefore invite you to take this book, which takes the form of mosaic, as a starting point to rethink the history of those lands that were formerly part of the Habsburg Empire.<\/p>\n<p>What was new? What was inherited? Which elements of the Habsburg imperial legacy were demolished, and which were simply refurbished for new use?<\/p>\n<p>The histories of Central, Eastern, and Southeastern Europe in the twentieth century are, in part, the histories of what people did with the legacies of the Habsburg Empire after it had ceased to function. More generally, political and social transitions are a fundamental part of the human experience in a shared European history, and this volume wants to bring forward this human element in that story.<\/p>\n<p>From 2018 to 2023, a nine-person team conducted research in the framework of a European Research Council Consolidator Grant project entitled \u201cNegotiating post-imperial transitions: from remobilization to nation-state consolidation. A comparative study of local and regional transitions in post-Habsburg East and Central Europe\u201d (grant agreement no. 772264) \u2014 or NEPOSTRANS for short.<\/p>\n<p>\u00a0<\/p>\n<p><strong>The book was published by <a href=\"https:\/\/napvilagkiado.eu\/termekkategoria\/tortenettudomany\/momentous-times-tortenettudomany\/\" target=\"_blank\" rel=\"noopener\">Napvil\u00e1g Publishers<\/a> not only in <a href=\"https:\/\/napvilagkiado.eu\/termek\/momentous-times-and-ordinary-people\/\" target=\"_blank\" rel=\"noopener\">English<\/a>, but also in <a href=\"https:\/\/napvilagkiado.eu\/termek\/sorsfordito-idok-hetkoznapi-emberek-elet-a-monarchia-romjain\/\" target=\"_blank\" rel=\"noopener\">Hungarian<\/a>, and in all the languages of the successor states (<a href=\"https:\/\/napvilagkiado.eu\/termek\/historicke-okamziky-a-obycejni-lide\/\" target=\"_blank\" rel=\"noopener\">Czech<\/a>, <a href=\"https:\/\/napvilagkiado.eu\/termek\/vazna-vremena-i-obicni-ljudi\/\" target=\"_blank\" rel=\"noopener\">Croatian<\/a>, <a href=\"https:\/\/napvilagkiado.eu\/termek\/doniosle-czasy-i-zwykli-ludzie\/\" target=\"_blank\" rel=\"noopener\">Polish<\/a>, <a href=\"https:\/\/napvilagkiado.eu\/termek\/grose-zeiten-und-kleine-leute\/\" target=\"_blank\" rel=\"noopener\">German<\/a>, <a href=\"https:\/\/napvilagkiado.eu\/termek\/perioade-semnificative-si-oameni-obisnuiti\/\" target=\"_blank\" rel=\"noopener\">Romanian<\/a>, <a href=\"https:\/\/napvilagkiado.eu\/termek\/znamenita-vremena-i-obicni-ljudi\/\" target=\"_blank\" rel=\"noopener\">Serbian<\/a>, <a href=\"https:\/\/napvilagkiado.eu\/termek\/vynimocne-milniky-obycajni-ludia\/\" target=\"_blank\" rel=\"noopener\">Slovak<\/a>, <a href=\"https:\/\/napvilagkiado.eu\/termek\/pomembno-obdobje-in-navadni-ljudje\/\" target=\"_blank\" rel=\"noopener\">Slovenian<\/a>).\u00a0<\/strong><\/p>\n<p>\u00a0<\/p>\n<p>\u00a0<\/p>\n<p><strong>CONTENTS<\/strong><\/p>\n<p>Introduction\u00a0<\/p>\n<p>Our friends \u2013 the Swiss, Belgian, French, Romanian, Czech, Yugoslav ones. Local and transnational economic networks and the fate of Austro-Hungarian business elites \u2013 Economic transition\u00a0<\/p>\n<p>\u201cDangerous Riots\u201d in the \u201chot summer\u201d of 1917 \u2013 rising labour movement and urban\u2013rural conflict during and after the First World War \u2013 Urban conflict\u00a0<\/p>\n<p>Against the \u201cLaw of Nature\u201d: Daylight Savings Time and the Local Origins of Regionalism in Austrian Tyrol \u2013 Regionalism\u00a0<\/p>\n<p>\u201cMonarchy or Republic, Nation-State or Micro-State?Central and Southeastern European Visions of Statehood in the First Moments of Post-Imperial Transition, 1918\u201320\u201d-State form\u00a0<\/p>\n<p>Leavers and Remainers: The Self-Fashioning of a Hungarian Administrative Official Leaving Greater Romania \u2013 Migration and citizenship\u00a0<\/p>\n<p>\u201cThe house, in which we lived, has been burned down\u201c. The Old and the New, the Habsburg Past as a Negative or a Positive Point of Reference \u2013 Discourses\u00a0<\/p>\n<p>A nationalizing fa.ades? Reflections on education in local post-imperial settings \u2013 Schools and cultural politics\u00a0<\/p>\n<p>The private bases of the growing state intervention in the economy. Bohemian textile firms and the transformation of the flax market, 1915-1925 \u2013 Economic intervention\u00a0<\/p>\n<p>Conclusion: A (post)imperial context without an Empire?<\/p>\n<p><br \/><br \/><\/p>\n<p><strong>Authors:<\/strong><\/p>\n<ul>\n<li>Egry, G\u00e1bor<\/li>\n<li>Haid-Lener, Elisabeth<\/li>\n<li>Ign\u00e1cz, K\u00e1roly<\/li>\n<li>Inglis, Cody James<\/li>\n<li>Izs\u00e1k, Anik\u00f3-Borb\u00e1la<\/li>\n<li>Jeli\u010di\u0107, Ivan<\/li>\n<li>Kosi, Jernej<\/li>\n<li>Plyer, S\u00e9gol\u00e8ne<\/li>\n<li>Wendt, Christopher<\/li>\n<\/ul>\n<p>\u00a0<\/p>\n<p>\u00a0<\/p>\n<p>\u00a0<\/p>\n","protected":false},"excerpt":{"rendered":"<p>Life on the Ruins of Austria-HungaryOpen Access \u00a0 This volume on the transition from the Habsburg Empire to its successor states offers a new picture of these events from a local perspective, one that highlights a generally less-known historical path foregrounding non-political processes and the possibilities in history rather than determined outcomes. We therefore invite [&hellip;]<\/p>\n","protected":false},"author":2,"featured_media":0,"comment_status":"closed","ping_status":"closed","sticky":false,"template":"","format":"standard","meta":{"_genesis_hide_title":false,"_genesis_hide_breadcrumbs":false,"_genesis_hide_singular_image":false,"_genesis_hide_footer_widgets":false,"_genesis_custom_body_class":"","_genesis_custom_post_class":"","_genesis_layout":""},"categories":[1],"tags":[],"_links":{"self":[{"href":"https:\/\/1918local.eu\/hu\/wp-json\/wp\/v2\/posts\/2186"}],"collection":[{"href":"https:\/\/1918local.eu\/hu\/wp-json\/wp\/v2\/posts"}],"about":[{"href":"https:\/\/1918local.eu\/hu\/wp-json\/wp\/v2\/types\/post"}],"author":[{"embeddable":true,"href":"https:\/\/1918local.eu\/hu\/wp-json\/wp\/v2\/users\/2"}],"replies":[{"embeddable":true,"href":"https:\/\/1918local.eu\/hu\/wp-json\/wp\/v2\/comments?post=2186"}],"version-history":[{"count":12,"href":"https:\/\/1918local.eu\/hu\/wp-json\/wp\/v2\/posts\/2186\/revisions"}],"predecessor-version":[{"id":2200,"href":"https:\/\/1918local.eu\/hu\/wp-json\/wp\/v2\/posts\/2186\/revisions\/2200"}],"wp:attachment":[{"href":"https:\/\/1918local.eu\/hu\/wp-json\/wp\/v2\/media?parent=2186"}],"wp:term":[{"taxonomy":"category","embeddable":true,"href":"https:\/\/1918local.eu\/hu\/wp-json\/wp\/v2\/categories?post=2186"},{"taxonomy":"post_tag","embeddable":true,"href":"https:\/\/1918local.eu\/hu\/wp-json\/wp\/v2\/tags?post=2186"}],"curies":[{"name":"wp","href":"https:\/\/api.w.org\/{rel}","templated":true}]}}